{"id":500583,"date":"2026-09-02T08:15:53","date_gmt":"2026-09-02T06:15:53","guid":{"rendered":"https:\/\/www.tui.ch\/de\/blog\/?p=500583"},"modified":"2026-09-02T08:30:06","modified_gmt":"2026-09-02T06:30:06","slug":"6-traumziele-mit-edelweiss","status":"publish","type":"post","link":"https:\/\/www.tui.ch\/de\/blog\/6-traumziele-mit-edelweiss\/","title":{"rendered":"Neue Horizonte, neue Abenteuer: 6 Traumziele mit Edelweiss"},"content":{"rendered":"<p data-ccp-border-bottom=\"0px none \" data-ccp-padding-bottom=\"0px\"><span data-contrast=\"auto\">Wenn die Tage langsam k\u00fcrzer werden, w\u00e4chst die Sehnsucht nach Sonne, W\u00e4rme und neuen Abenteuern.\u00a0Doch wohin, wenn das Fernweh ruft?<\/span><span data-ccp-props=\"{&quot;335572071&quot;:4,&quot;335572072&quot;:4,&quot;335572073&quot;:0,&quot;469789798&quot;:&quot;single&quot;}\">\u00a0<\/span><\/p>\n<p data-ccp-border-top=\"0.6666666666666666px solid #000000\" data-ccp-padding-top=\"5.333333333333333px\" data-ccp-border-bottom=\"0px none \" data-ccp-padding-bottom=\"0px\"><span data-contrast=\"auto\">Wir\u00a0nehmen\u00a0dich mit auf eine Reise zu sechs\u00a0unterschiedlichen\u00a0Ferienzielen \u2013 von endlosen Sandstr\u00e4nden und t\u00fcrkisblauem Meer \u00fcber spektakul\u00e4re Natur\u00a0bis hin zu faszinierender Kultur\u00a0und echten Abenteuern.<\/span><span data-ccp-props=\"{&quot;335572071&quot;:4,&quot;335572072&quot;:4,&quot;335572073&quot;:0,&quot;469789798&quot;:&quot;single&quot;}\">\u00a0<\/span><\/p>\n<p data-ccp-border-top=\"0.6666666666666666px solid #000000\" data-ccp-padding-top=\"5.333333333333333px\" data-ccp-border-bottom=\"0px none \" data-ccp-padding-bottom=\"0px\"><span data-contrast=\"auto\">Mit\u00a0Edelweiss\u00a0fliegst du ab Z\u00fcrich direkt zu abwechslungsreichen Destinationen, die deine\u00a0n\u00e4chsten Ferien\u00a0zu etwas Besonderem machen. Und mit den passenden\u00a0Angeboten von TUI wird aus der Vorfreude ganz einfach deine n\u00e4chste Reise.<\/span><span data-ccp-props=\"{&quot;335572071&quot;:4,&quot;335572072&quot;:4,&quot;335572073&quot;:0,&quot;469789798&quot;:&quot;single&quot;}\">\u00a0<\/span><\/p>\n\n\n<hr class=\"wp-block-separator has-alpha-channel-opacity\"\/>\n\n\n\n\n\n\n\n\n<h3><span class=\"TextRun SCXW197197744 BCX8\" lang=\"DE-DE\" xml:lang=\"DE-DE\" data-contrast=\"auto\"><span class=\"NormalTextRun SCXW197197744 BCX8\">Kapverden:\u00a0<\/span><span class=\"NormalTextRun SpellingErrorV2Themed SCXW197197744 BCX8\">Barfussgef\u00fchl<\/span><span class=\"NormalTextRun SCXW197197744 BCX8\">\u00a0und grenzenlose Weite<\/span><\/span><span class=\"EOP Selected SCXW197197744 BCX8\" data-ccp-props=\"{&quot;335572071&quot;:4,&quot;335572072&quot;:4,&quot;335572073&quot;:0,&quot;469789798&quot;:&quot;single&quot;}\">\u00a0<\/span><\/h3>\n<p data-ccp-border-top=\"0.6666666666666666px solid #000000\" data-ccp-padding-top=\"5.333333333333333px\" data-ccp-border-bottom=\"0px none \" data-ccp-padding-bottom=\"0px\"><span data-contrast=\"auto\">Wer von Sonne, Meer und endlosen Str\u00e4nden tr\u00e4umt, wird die Kapverden lieben. Auf Sal laden heller Sand und t\u00fcrkisfarbenes Wasser zu entspannten Badetagen ein, w\u00e4hrend die best\u00e4ndige Brise ideale Bedingungen zum Kite- und Windsurfen schafft. Boa Vista begeistert mit einsamen D\u00fcnen, weiten Str\u00e4nden und urspr\u00fcnglichen Landschaften. Ob beim Wassersport, auf einer\u00a0Quad-Tour durch die D\u00fcnen oder bei einem Spaziergang am Atlantik,\u00a0hier f\u00fchlt sich der Alltag ganz weit weg an.<\/span><span data-ccp-props=\"{&quot;335572071&quot;:4,&quot;335572072&quot;:4,&quot;335572073&quot;:0,&quot;469789798&quot;:&quot;single&quot;}\">\u00a0<\/span><\/p>\n<p data-ccp-border-top=\"0.6666666666666666px solid #000000\" data-ccp-padding-top=\"5.333333333333333px\" data-ccp-border-bottom=\"0px none \" data-ccp-padding-bottom=\"0px\"><span data-contrast=\"auto\">Lust auf Sonne, weite Str\u00e4nde und eine Prise Abenteuer? Entdecke jetzt unsere Angebote mit\u00a0Edelweiss-Flug und Hotel f\u00fcr deine Ferien auf den\u00a0<\/span><a href=\"https:\/\/www.tui.ch\/de\/pauschalreisen\/suchen\/regionen\/Kapverdische-Inseln\/1333\/list\/?searchScope=PACKAGE&amp;startDate=2026-10-01&amp;endDate=2027-03-31&amp;duration=7&amp;travellers=2&amp;maxStopOver=0&amp;airlines=WK&amp;regionGiataIds=400001&amp;departureAirports=BSL%3BBRN%3BGVA%3BZRH%3BSIR\"><span data-contrast=\"auto\">Kapverden<\/span><\/a><span data-contrast=\"auto\">.<\/span><span data-ccp-props=\"{&quot;335572071&quot;:4,&quot;335572072&quot;:4,&quot;335572073&quot;:0,&quot;469789798&quot;:&quot;single&quot;}\">\u00a0<\/span><\/p>\n\n\n<figure class=\"gb-block-image gb-block-image-55540f65\"><img loading=\"lazy\" decoding=\"async\" width=\"1920\" height=\"1080\" class=\"gb-image gb-image-55540f65\" src=\"https:\/\/www.tui.ch\/de\/blog\/wp-content\/uploads\/2026\/08\/1-1.png\" alt=\"\" title=\"1\" srcset=\"https:\/\/www.tui.ch\/de\/blog\/wp-content\/uploads\/2026\/08\/1-1.png 1920w, https:\/\/www.tui.ch\/de\/blog\/wp-content\/uploads\/2026\/08\/1-1-320x180.png 320w, https:\/\/www.tui.ch\/de\/blog\/wp-content\/uploads\/2026\/08\/1-1-789x444.png 789w, https:\/\/www.tui.ch\/de\/blog\/wp-content\/uploads\/2026\/08\/1-1-768x432.png 768w, https:\/\/www.tui.ch\/de\/blog\/wp-content\/uploads\/2026\/08\/1-1-1000x563.png 1000w, https:\/\/www.tui.ch\/de\/blog\/wp-content\/uploads\/2026\/08\/1-1-1536x864.png 1536w, https:\/\/www.tui.ch\/de\/blog\/wp-content\/uploads\/2026\/08\/1-1-390x219.png 390w\" sizes=\"auto, (max-width: 1920px) 100vw, 1920px\" \/><\/figure>\n\n\n\n<hr class=\"wp-block-separator has-alpha-channel-opacity\"\/>\n\n\n<h3><span class=\"TextRun SCXW26968907 BCX8\" lang=\"DE-DE\" xml:lang=\"DE-DE\" data-contrast=\"auto\"><span class=\"NormalTextRun SCXW26968907 BCX8\">Azoren: Natur, die den Atem raubt<\/span><\/span><span class=\"EOP Selected SCXW26968907 BCX8\" data-ccp-props=\"{&quot;335572071&quot;:4,&quot;335572072&quot;:4,&quot;335572073&quot;:0,&quot;469789798&quot;:&quot;single&quot;}\">\u00a0<\/span><\/h3>\n<p data-ccp-border-top=\"0.6666666666666666px solid #000000\" data-ccp-padding-top=\"5.333333333333333px\" data-ccp-border-bottom=\"0px none \" data-ccp-padding-bottom=\"0px\"><span data-contrast=\"auto\">Gr\u00fcne Vulkanlandschaften, tiefblaue Kraterseen und wilde K\u00fcsten machen die Azoren zu einem Paradies f\u00fcr Naturliebhaber. Auf S\u00e3o Miguel erwarten dich die eindrucksvollen Kraterseen von Sete Cidades und das vulkanisch gepr\u00e4gte Furnas mit warmen Thermalquellen. Terceira begeistert mit abwechslungsreichen Landschaften und dem historischen Charme von Angra do Hero\u00edsmo.<\/span><span data-ccp-props=\"{&quot;335572071&quot;:4,&quot;335572072&quot;:4,&quot;335572073&quot;:0,&quot;469789798&quot;:&quot;single&quot;}\">\u00a0<\/span><\/p>\n<p data-ccp-border-top=\"0.6666666666666666px solid #000000\" data-ccp-padding-top=\"5.333333333333333px\" data-ccp-border-bottom=\"0px none \" data-ccp-padding-bottom=\"0px\"><span data-contrast=\"auto\">Ob beim Wandern, Entspannen im Thermalwasser oder Erkunden der K\u00fcsten, auf den Azoren zeigt sich die Natur immer wieder von einer neuen Seite.<\/span><span data-ccp-props=\"{&quot;335572071&quot;:4,&quot;335572072&quot;:4,&quot;335572073&quot;:0,&quot;469789798&quot;:&quot;single&quot;}\">\u00a0<\/span><span data-contrast=\"auto\">Sichere dir jetzt deine Auszeit auf den\u00a0<\/span><a href=\"https:\/\/www.tui.ch\/de\/pauschalreisen\/suchen\/hotels\/Azoren\/1059\/list\/?searchScope=PACKAGE&amp;startDate=2026-08-31&amp;endDate=2026-10-31&amp;travellers=2&amp;maxStopOver=0&amp;airlines=WK%3BLX&amp;regionGiataIds=110&amp;departureAirports=BSL%3BBRN%3BGVA%3BZRH%3BSIR\">Azoren<\/a><span data-contrast=\"auto\">\u00a0inklusive\u00a0Edelweiss-Flug und Hotel.<\/span><span data-ccp-props=\"{&quot;335572071&quot;:4,&quot;335572072&quot;:4,&quot;335572073&quot;:0,&quot;469789798&quot;:&quot;single&quot;}\">\u00a0<\/span><\/p>\n\n\n<figure class=\"gb-block-image gb-block-image-989db62f\"><img loading=\"lazy\" decoding=\"async\" width=\"1920\" height=\"1080\" class=\"gb-image gb-image-989db62f\" src=\"https:\/\/www.tui.ch\/de\/blog\/wp-content\/uploads\/2026\/08\/2.png\" alt=\"\" title=\"2\" srcset=\"https:\/\/www.tui.ch\/de\/blog\/wp-content\/uploads\/2026\/08\/2.png 1920w, https:\/\/www.tui.ch\/de\/blog\/wp-content\/uploads\/2026\/08\/2-320x180.png 320w, https:\/\/www.tui.ch\/de\/blog\/wp-content\/uploads\/2026\/08\/2-789x444.png 789w, https:\/\/www.tui.ch\/de\/blog\/wp-content\/uploads\/2026\/08\/2-768x432.png 768w, https:\/\/www.tui.ch\/de\/blog\/wp-content\/uploads\/2026\/08\/2-1000x563.png 1000w, https:\/\/www.tui.ch\/de\/blog\/wp-content\/uploads\/2026\/08\/2-1536x864.png 1536w, https:\/\/www.tui.ch\/de\/blog\/wp-content\/uploads\/2026\/08\/2-390x219.png 390w\" sizes=\"auto, (max-width: 1920px) 100vw, 1920px\" \/><\/figure>\n\n\n\n<hr class=\"wp-block-separator has-alpha-channel-opacity\"\/>\n\n\n<h3><span class=\"TextRun SCXW127716393 BCX8\" lang=\"DE-DE\" xml:lang=\"DE-DE\" data-contrast=\"auto\"><span class=\"NormalTextRun SCXW127716393 BCX8\">\u00c4gypten: Zwischen Korallenriffen und W\u00fcstenzauber<\/span><\/span><span class=\"EOP Selected SCXW127716393 BCX8\" data-ccp-props=\"{&quot;335572071&quot;:4,&quot;335572072&quot;:4,&quot;335572073&quot;:0,&quot;469789798&quot;:&quot;single&quot;}\">\u00a0<\/span><\/h3>\n<p data-ccp-border-top=\"0.6666666666666666px solid #000000\" data-ccp-padding-top=\"5.333333333333333px\" data-ccp-border-bottom=\"0px none \" data-ccp-padding-bottom=\"0px\"><span data-contrast=\"auto\">Goldene W\u00fcste, tiefblaues Meer und farbenpr\u00e4chtige Korallenriffe machen \u00c4gypten zum idealen Ziel f\u00fcr sonnige Badeferien. Am Roten Meer laden traumhafte Str\u00e4nde zum Entspannen und die faszinierende Unterwasserwelt zum Schnorcheln und Tauchen ein. Ausfl\u00fcge zu den Pyramiden und historischen St\u00e4tten bringen dich der jahrtausendealten Geschichte des Landes n\u00e4her.<\/span><span data-ccp-props=\"{&quot;134233117&quot;:false,&quot;134233118&quot;:false,&quot;201341983&quot;:0,&quot;335551550&quot;:1,&quot;335551620&quot;:1,&quot;335559685&quot;:0,&quot;335559737&quot;:0,&quot;335559738&quot;:0,&quot;335559739&quot;:160,&quot;335559740&quot;:279,&quot;335572071&quot;:4,&quot;335572072&quot;:4,&quot;335572073&quot;:0,&quot;469789798&quot;:&quot;single&quot;}\">\u00a0<\/span><\/p>\n<p data-ccp-border-top=\"0.6666666666666666px solid #000000\" data-ccp-padding-top=\"5.333333333333333px\" data-ccp-border-bottom=\"0px none \" data-ccp-padding-bottom=\"0px\"><span data-contrast=\"auto\">Suchst du W\u00e4rme und Erholung, m\u00f6chtest aber auch in jahrtausendealte Geschichten eintauchen?\u00a0Finde\u00a0jetzt dein <a href=\"https:\/\/www.tui.ch\/de\/pauschalreisen\/suchen\/regionen\/%C3%84gypten\/1001\/list\/?searchScope=PACKAGE&amp;startDate=2026-09-01&amp;endDate=2027-01-31&amp;duration=7&amp;travellers=2&amp;maxStopOver=0&amp;airlines=WK&amp;regionGiataIds=651&amp;departureAirports=BSL%3BBRN%3BGVA%3BZRH%3BSIR\">\u00c4gypten-Angebot<\/a> mit\u00a0Edelweiss-Flug und Hotel.<\/span><span data-ccp-props=\"{&quot;134233117&quot;:false,&quot;134233118&quot;:false,&quot;201341983&quot;:0,&quot;335551550&quot;:1,&quot;335551620&quot;:1,&quot;335559685&quot;:0,&quot;335559737&quot;:0,&quot;335559738&quot;:0,&quot;335559739&quot;:160,&quot;335559740&quot;:279,&quot;335572071&quot;:4,&quot;335572072&quot;:4,&quot;335572073&quot;:0,&quot;469789798&quot;:&quot;single&quot;}\">\u00a0<\/span><\/p>\n\n\n<figure class=\"gb-block-image gb-block-image-e571b49b\"><img loading=\"lazy\" decoding=\"async\" width=\"1920\" height=\"1080\" class=\"gb-image gb-image-e571b49b\" src=\"https:\/\/www.tui.ch\/de\/blog\/wp-content\/uploads\/2026\/08\/3.png\" alt=\"\" title=\"3\" srcset=\"https:\/\/www.tui.ch\/de\/blog\/wp-content\/uploads\/2026\/08\/3.png 1920w, https:\/\/www.tui.ch\/de\/blog\/wp-content\/uploads\/2026\/08\/3-320x180.png 320w, https:\/\/www.tui.ch\/de\/blog\/wp-content\/uploads\/2026\/08\/3-789x444.png 789w, https:\/\/www.tui.ch\/de\/blog\/wp-content\/uploads\/2026\/08\/3-768x432.png 768w, https:\/\/www.tui.ch\/de\/blog\/wp-content\/uploads\/2026\/08\/3-1000x563.png 1000w, https:\/\/www.tui.ch\/de\/blog\/wp-content\/uploads\/2026\/08\/3-1536x864.png 1536w, https:\/\/www.tui.ch\/de\/blog\/wp-content\/uploads\/2026\/08\/3-390x219.png 390w\" sizes=\"auto, (max-width: 1920px) 100vw, 1920px\" \/><\/figure>\n\n\n\n<hr class=\"wp-block-separator has-alpha-channel-opacity\"\/>\n\n\n<h3><span class=\"TextRun SCXW196975079 BCX8\" lang=\"DE-DE\" xml:lang=\"DE-DE\" data-contrast=\"auto\"><span class=\"NormalTextRun SCXW196975079 BCX8\">Sri Lanka: Eine Insel, tausend Eindr\u00fccke<\/span><\/span><span class=\"EOP Selected SCXW196975079 BCX8\" data-ccp-props=\"{&quot;335572071&quot;:4,&quot;335572072&quot;:4,&quot;335572073&quot;:0,&quot;469789798&quot;:&quot;single&quot;}\">\u00a0<\/span><\/h3>\n<p data-ccp-border-top=\"0.6666666666666666px solid #000000\" data-ccp-padding-top=\"5.333333333333333px\" data-ccp-border-bottom=\"0px none \" data-ccp-padding-bottom=\"0px\"><span data-contrast=\"auto\">Wer sich nicht zwischen Natur, Kultur und Strand entscheiden m\u00f6chte, wird Sri Lanka lieben.\u00a0Palmenstr\u00e4nde, gr\u00fcne Teeplantagen, faszinierende Tempel und wilde Tiere machen Sri Lanka zu einem Reiseziel voller Kontraste.<\/span><span data-ccp-props=\"{&quot;335572071&quot;:4,&quot;335572072&quot;:4,&quot;335572073&quot;:0,&quot;469789798&quot;:&quot;single&quot;}\">\u00a0<\/span><\/p>\n<p data-ccp-border-top=\"0.6666666666666666px solid #000000\" data-ccp-padding-top=\"5.333333333333333px\" data-ccp-border-bottom=\"0px none \" data-ccp-padding-bottom=\"0px\"><span data-contrast=\"auto\">Bei einer Zugfahrt durch das Hochland ziehen nebelverhangene Berge, Teeplantagen und charmante D\u00f6rfer am Fenster\u00a0vorbei.\u00a0Dambulla\u00a0und Kandy geben faszinierende Einblicke in die reiche Kulturgeschichte des Landes, w\u00e4hrend an der K\u00fcste wundersch\u00f6ne Str\u00e4nde und warme Wellen zum entspannten Ausklang der Reise einladen.<\/span><span data-ccp-props=\"{&quot;335572071&quot;:4,&quot;335572072&quot;:4,&quot;335572073&quot;:0,&quot;469789798&quot;:&quot;single&quot;}\">\u00a0<\/span><\/p>\n<p data-ccp-border-top=\"0.6666666666666666px solid #000000\" data-ccp-padding-top=\"5.333333333333333px\" data-ccp-border-bottom=\"0px none \" data-ccp-padding-bottom=\"0px\"><span data-contrast=\"auto\">Suchst du Strand, Natur, Kultur und Genuss in einer einzigen Reise?\u00a0Starte dein <a href=\"https:\/\/www.tui.ch\/de\/pauschalreisen\/suchen\/hotels\/Sri-Lanka\/1284\/list\/?searchScope=PACKAGE&amp;startDate=2026-10-01&amp;endDate=2027-03-31&amp;travellers=2&amp;maxStopOver=0&amp;airlines=LX&amp;regionGiataIds=136&amp;departureAirports=BSL%3BBRN%3BGVA%3BZRH%3BSIR\">Sri-Lanka-Abenteuer<\/a> mit\u00a0Edelweiss-Flug und ausgew\u00e4hltem Hotel.<\/span><span data-ccp-props=\"{&quot;335572071&quot;:4,&quot;335572072&quot;:4,&quot;335572073&quot;:0,&quot;469789798&quot;:&quot;single&quot;}\">\u00a0<\/span><\/p>\n\n\n<figure class=\"gb-block-image gb-block-image-310eaf40\"><img loading=\"lazy\" decoding=\"async\" width=\"1920\" height=\"1080\" class=\"gb-image gb-image-310eaf40\" src=\"https:\/\/www.tui.ch\/de\/blog\/wp-content\/uploads\/2026\/08\/4.png\" alt=\"\" title=\"4\" srcset=\"https:\/\/www.tui.ch\/de\/blog\/wp-content\/uploads\/2026\/08\/4.png 1920w, https:\/\/www.tui.ch\/de\/blog\/wp-content\/uploads\/2026\/08\/4-320x180.png 320w, https:\/\/www.tui.ch\/de\/blog\/wp-content\/uploads\/2026\/08\/4-789x444.png 789w, https:\/\/www.tui.ch\/de\/blog\/wp-content\/uploads\/2026\/08\/4-768x432.png 768w, https:\/\/www.tui.ch\/de\/blog\/wp-content\/uploads\/2026\/08\/4-1000x563.png 1000w, https:\/\/www.tui.ch\/de\/blog\/wp-content\/uploads\/2026\/08\/4-1536x864.png 1536w, https:\/\/www.tui.ch\/de\/blog\/wp-content\/uploads\/2026\/08\/4-390x219.png 390w\" sizes=\"auto, (max-width: 1920px) 100vw, 1920px\" \/><\/figure>\n\n\n\n<hr class=\"wp-block-separator has-alpha-channel-opacity\"\/>\n\n\n<h3><span class=\"TextRun SCXW246717648 BCX8\" lang=\"DE-DE\" xml:lang=\"DE-DE\" data-contrast=\"auto\"><span class=\"NormalTextRun SCXW246717648 BCX8\">Costa Rica:\u00a0<\/span><span class=\"NormalTextRun SCXW246717648 BCX8\">Zwischen Regenwald und Traumstr\u00e4nden<\/span><\/span><span class=\"EOP Selected SCXW246717648 BCX8\" data-ccp-props=\"{&quot;335572071&quot;:4,&quot;335572072&quot;:4,&quot;335572073&quot;:0,&quot;469789798&quot;:&quot;single&quot;}\">\u00a0<\/span><\/h3>\n<p data-ccp-border-top=\"0.6666666666666666px solid #000000\" data-ccp-padding-top=\"5.333333333333333px\" data-ccp-border-bottom=\"0px none \" data-ccp-padding-bottom=\"0px\"><span data-contrast=\"auto\">Tropische W\u00e4lder, imposante Vulkane, exotische Tiere und wundersch\u00f6ne Pazifikstr\u00e4nde machen Costa Rica zum Inbegriff von \u00abPura Vida\u00bb.\u00a0Edelweiss\u00a0bringt dich nach San Jos\u00e9 und Liberia \u2013 ideale Ausgangspunkte f\u00fcr Rundreisen, Naturerlebnisse und entspannte Tage am Meer. Beim Wandern, Surfen oder Entdecken versteckter Wasserf\u00e4lle wird jeder Ferientag zum Abenteuer.<\/span><span data-ccp-props=\"{&quot;335572071&quot;:4,&quot;335572072&quot;:4,&quot;335572073&quot;:0,&quot;469789798&quot;:&quot;single&quot;}\">\u00a0<\/span><\/p>\n<p data-ccp-border-top=\"0.6666666666666666px solid #000000\" data-ccp-padding-top=\"5.333333333333333px\" data-ccp-border-bottom=\"0px none \" data-ccp-padding-bottom=\"0px\"><span data-contrast=\"auto\">Lust auf \u00abPura Vida\u00bb und Abenteuer im Regenwald? Entdecke unsere <a href=\"https:\/\/www.tui.ch\/de\/pauschalreisen\/suchen\/hotels\/Costa-Rica\/1092\/list\/?searchScope=PACKAGE&amp;startDate=2026-09-01&amp;endDate=2027-03-31&amp;travellers=2&amp;maxStopOver=0&amp;airlines=WK%3BLX&amp;regionGiataIds=16&amp;departureAirports=BSL%3BBRN%3BGVA%3BZRH%3BSIR\">Costa-Rica-Angebote<\/a> inklusive Edelweiss-Flug und Hotel.<\/span><span data-ccp-props=\"{&quot;335572071&quot;:4,&quot;335572072&quot;:4,&quot;335572073&quot;:0,&quot;469789798&quot;:&quot;single&quot;}\">\u00a0<\/span><\/p>\n\n\n<figure class=\"gb-block-image gb-block-image-4c7cb3ea\"><img loading=\"lazy\" decoding=\"async\" width=\"1920\" height=\"1080\" class=\"gb-image gb-image-4c7cb3ea\" src=\"https:\/\/www.tui.ch\/de\/blog\/wp-content\/uploads\/2026\/08\/5.png\" alt=\"\" title=\"5\" srcset=\"https:\/\/www.tui.ch\/de\/blog\/wp-content\/uploads\/2026\/08\/5.png 1920w, https:\/\/www.tui.ch\/de\/blog\/wp-content\/uploads\/2026\/08\/5-320x180.png 320w, https:\/\/www.tui.ch\/de\/blog\/wp-content\/uploads\/2026\/08\/5-789x444.png 789w, https:\/\/www.tui.ch\/de\/blog\/wp-content\/uploads\/2026\/08\/5-1000x563.png 1000w, https:\/\/www.tui.ch\/de\/blog\/wp-content\/uploads\/2026\/08\/5-768x432.png 768w, https:\/\/www.tui.ch\/de\/blog\/wp-content\/uploads\/2026\/08\/5-1536x864.png 1536w, https:\/\/www.tui.ch\/de\/blog\/wp-content\/uploads\/2026\/08\/5-390x219.png 390w\" sizes=\"auto, (max-width: 1920px) 100vw, 1920px\" \/><\/figure>\n\n\n\n<hr class=\"wp-block-separator has-alpha-channel-opacity\"\/>\n\n\n<h3><span class=\"EOP Selected SCXW246717648 BCX8\" data-ccp-props=\"{&quot;335572071&quot;:4,&quot;335572072&quot;:4,&quot;335572073&quot;:0,&quot;469789798&quot;:&quot;single&quot;}\"><span class=\"TextRun SCXW17449140 BCX8\" lang=\"DE-DE\" xml:lang=\"DE-DE\" data-contrast=\"auto\"><span class=\"NormalTextRun SCXW17449140 BCX8\">Mexiko: Karibiktr\u00e4ume mit einer Portion Kultur<\/span><\/span><span class=\"EOP Selected SCXW17449140 BCX8\" data-ccp-props=\"{&quot;335572071&quot;:4,&quot;335572072&quot;:4,&quot;335572073&quot;:0,&quot;469789798&quot;:&quot;single&quot;}\">\u00a0<\/span> <\/span><\/h3>\n<p data-ccp-border-top=\"0.6666666666666666px solid #000000\" data-ccp-padding-top=\"5.333333333333333px\" data-ccp-border-bottom=\"0px none \" data-ccp-padding-bottom=\"0px\">Feiner Sand, t\u00fcrkisfarbenes Wasser und die entspannte Atmosph\u00e4re der Riviera Maya machen diese Region an der Karibikk\u00fcste zum perfekten Ferientraum. Rund um Canc\u00fan wechseln sich entspannte Badetage mit spannenden Entdeckungen ab. <span class=\"___1cs5bdp f1w7gpdv f5p0z4x\">Ausfl\u00fcge<\/span> <span class=\"___1cs5bdp f1w7gpdv f5p0z4x\">zur<\/span> <span class=\"___1cs5bdp f1w7gpdv f5p0z4x\">Isla<\/span> <span class=\"___1cs5bdp f1w7gpdv f5p0z4x\">Mujeres,<\/span> <span class=\"___1cs5bdp f1w7gpdv f5p0z4x\">erfrischende<\/span> <span class=\"___1cs5bdp f1w7gpdv f5p0z4x\">Cenoten<\/span> <span class=\"___1cs5bdp f1w7gpdv f5p0z4x\">und<\/span> <span class=\"___1cs5bdp f1w7gpdv f5p0z4x\">beeindruckende<\/span> <span class=\"___1cs5bdp f1w7gpdv f5p0z4x\">Maya-St\u00e4tten<\/span> <span class=\"___1cs5bdp f1w7gpdv f5p0z4x\">wie<\/span> <span class=\"___1cs5bdp f1w7gpdv f5p0z4x\">Chich\u00e9n<\/span> <span class=\"___1cs5bdp f1w7gpdv f5p0z4x\">Itz\u00e1<\/span> <span class=\"___1cs5bdp f1w7gpdv f5p0z4x\">und<\/span> <span class=\"___1cs5bdp f1w7gpdv f5p0z4x\">Tulum<\/span> <span class=\"___1cs5bdp f1w7gpdv f5p0z4x\">sorgen<\/span> <span class=\"___1cs5bdp f1w7gpdv f5p0z4x\">dabei<\/span> <span class=\"___1cs5bdp f1w7gpdv f5p0z4x\">f\u00fcr<\/span> <span class=\"___1cs5bdp f1w7gpdv f5p0z4x\">unvergessliche<\/span> <span class=\"___xxxjie0 f1w7gpdv f1gqqdtu\">Erlebnisse. <\/span>Dazu sorgen Tacos, Guacamole und weitere Spezialit\u00e4ten f\u00fcr authentische Genussmomente.<\/p>\n<div>\n<p>Lust auf karibische Str\u00e4nde, mexikanische Lebensfreude und faszinierende Kultur? Entdecke jetzt unsere <a href=\"https:\/\/www.tui.ch\/de\/pauschalreisen\/suchen\/hotels\/Mexiko\/1024\/list\/?searchScope=PACKAGE&amp;startDate=2026-09-01&amp;endDate=2027-03-31&amp;travellers=2&amp;maxStopOver=0&amp;airlines=WK&amp;regionGiataIds=106&amp;departureAirports=BSL%3BBRN%3BGVA%3BZRH%3BSIR\">Canc\u00fan<\/a>-Angebote inklusive Edelweiss-Flug und Hotel.<\/p>\n<\/div>\n\n\n<figure class=\"gb-block-image gb-block-image-543be77a\"><img loading=\"lazy\" decoding=\"async\" width=\"1920\" height=\"1080\" class=\"gb-image gb-image-543be77a\" src=\"https:\/\/www.tui.ch\/de\/blog\/wp-content\/uploads\/2026\/08\/6.png\" alt=\"\" title=\"6\" srcset=\"https:\/\/www.tui.ch\/de\/blog\/wp-content\/uploads\/2026\/08\/6.png 1920w, https:\/\/www.tui.ch\/de\/blog\/wp-content\/uploads\/2026\/08\/6-320x180.png 320w, https:\/\/www.tui.ch\/de\/blog\/wp-content\/uploads\/2026\/08\/6-789x444.png 789w, https:\/\/www.tui.ch\/de\/blog\/wp-content\/uploads\/2026\/08\/6-768x432.png 768w, https:\/\/www.tui.ch\/de\/blog\/wp-content\/uploads\/2026\/08\/6-1000x563.png 1000w, https:\/\/www.tui.ch\/de\/blog\/wp-content\/uploads\/2026\/08\/6-1536x864.png 1536w, https:\/\/www.tui.ch\/de\/blog\/wp-content\/uploads\/2026\/08\/6-390x219.png 390w\" sizes=\"auto, (max-width: 1920px) 100vw, 1920px\" \/><\/figure>\n\n\n\n<hr class=\"wp-block-separator has-alpha-channel-opacity\"\/>\n\n\n<h3 data-ccp-border-top=\"0.6666666666666666px solid #000000\" data-ccp-padding-top=\"5.333333333333333px\" data-ccp-border-bottom=\"0px none \" data-ccp-padding-bottom=\"0px\"><b><span data-contrast=\"auto\">Bereit f\u00fcr deine n\u00e4chste Reise?<\/span><\/b><span data-ccp-props=\"{&quot;335572071&quot;:4,&quot;335572072&quot;:4,&quot;335572073&quot;:0,&quot;469789798&quot;:&quot;single&quot;}\">\u00a0<\/span><\/h3>\n<p data-ccp-border-top=\"0.6666666666666666px solid #000000\" data-ccp-padding-top=\"5.333333333333333px\" data-ccp-border-bottom=\"0px none \" data-ccp-padding-bottom=\"0px\"><span data-contrast=\"auto\">Jetzt musst du nur noch entscheiden, wohin dich dein Fernweh zieht. Ob Sonne, Natur, Kultur oder Abenteuer \u2013 Edelweiss bringt dich direkt ab Z\u00fcrich zu diesen abwechslungsreichen Ferienzielen. <\/span><span data-ccp-props=\"{&quot;335572071&quot;:4,&quot;335572072&quot;:4,&quot;335572073&quot;:0,&quot;469789798&quot;:&quot;single&quot;}\">\u00a0<\/span><\/p>\n<p data-ccp-border-top=\"0.6666666666666666px solid #000000\" data-ccp-padding-top=\"5.333333333333333px\"><span data-contrast=\"auto\">Also: Koffer packen und mit der Sonne im Blick und dem Abenteuer im Gep\u00e4ck dem\u00a0Alltag\u00a0entfliegen.<\/span><span data-ccp-props=\"{&quot;335572071&quot;:4,&quot;335572072&quot;:4,&quot;335572073&quot;:0,&quot;469789798&quot;:&quot;single&quot;}\">\u00a0<\/span><\/p>","protected":false},"excerpt":{"rendered":"<p>Wenn die Tage langsam k\u00fcrzer werden, w\u00e4chst die Sehnsucht nach Sonne, W\u00e4rme und neuen Abenteuern.\u00a0Doch wohin, wenn das Fernweh ruft?\u00a0 Wir\u00a0nehmen\u00a0dich mit auf eine Reise zu sechs\u00a0unterschiedlichen\u00a0Ferienzielen \u2013 von endlosen Sandstr\u00e4nden und t\u00fcrkisblauem Meer \u00fcber spektakul\u00e4re Natur\u00a0bis hin zu faszinierender Kultur\u00a0und echten Abenteuern.\u00a0 Mit\u00a0Edelweiss\u00a0fliegst du ab Z\u00fcrich direkt zu abwechslungsreichen<\/p>\n","protected":false},"author":195,"featured_media":500645,"comment_status":"open","ping_status":"closed","sticky":false,"template":"","format":"standard","meta":{"_acf_changed":false,"footnotes":""},"categories":[4846],"tags":[4421,4883,4111,4698,4574,4365,4196,4428,4885],"class_list":["post-500583","post","type-post","status-publish","format-standard","has-post-thumbnail","hentry","category-archiv-planung-tipps","tag-aegypten","tag-azoren","tag-badeferien","tag-costa-rica","tag-edelweiss","tag-ferien","tag-kapverden","tag-mexiko","tag-sri-lanka"],"acf":[],"yoast_head":"<!-- This site is optimized with the Yoast SEO plugin v28.3 - https:\/\/yoast.com\/product\/yoast-seo-wordpress\/ -->\n<title>Neue Horizonte, neue Abenteuer: 6 Traumziele mit Edelweiss - TUI.ch Reiseblog<\/title>\n<meta name=\"description\" content=\"Entdecke sechs Traumziele mit Edelweiss ab Z\u00fcrich, von den Kapverden bis Mexiko. Perfekt f\u00fcr sonnige Ferien.\" \/>\n<meta name=\"robots\" content=\"index, follow, max-snippet:-1, max-image-preview:large, max-video-preview:-1\" \/>\n<link rel=\"canonical\" href=\"https:\/\/www.tui.ch\/de\/blog\/6-traumziele-mit-edelweiss\/\" \/>\n<meta property=\"og:locale\" content=\"de_DE\" \/>\n<meta property=\"og:type\" content=\"article\" \/>\n<meta property=\"og:title\" content=\"Neue Horizonte, neue Abenteuer: 6 Traumziele mit Edelweiss - TUI.ch Reiseblog\" \/>\n<meta property=\"og:description\" content=\"Entdecke sechs Traumziele mit Edelweiss ab Z\u00fcrich, von den Kapverden bis Mexiko. Perfekt f\u00fcr sonnige Ferien.\" \/>\n<meta property=\"og:url\" content=\"https:\/\/www.tui.ch\/de\/blog\/6-traumziele-mit-edelweiss\/\" \/>\n<meta property=\"og:site_name\" content=\"TUI.ch Reiseblog\" \/>\n<meta property=\"article:published_time\" content=\"2026-09-02T06:15:53+00:00\" \/>\n<meta property=\"article:modified_time\" content=\"2026-09-02T06:30:06+00:00\" \/>\n<meta property=\"og:image\" content=\"https:\/\/www.tui.ch\/de\/blog\/wp-content\/uploads\/2026\/09\/B2C-Newsletter-600x417-2.png\" \/>\n\t<meta property=\"og:image:width\" content=\"1100\" \/>\n\t<meta property=\"og:image:height\" content=\"634\" \/>\n\t<meta property=\"og:image:type\" content=\"image\/png\" \/>\n<meta name=\"author\" content=\"Giulia Aversa\" \/>\n<meta name=\"twitter:card\" content=\"summary_large_image\" \/>\n<meta name=\"twitter:label1\" content=\"Verfasst von\" \/>\n\t<meta name=\"twitter:data1\" content=\"Giulia Aversa\" \/>\n\t<meta name=\"twitter:label2\" content=\"Gesch\u00e4tzte Lesezeit\" \/>\n\t<meta name=\"twitter:data2\" content=\"4\u00a0Minuten\" \/>\n<script type=\"application\/ld+json\" class=\"yoast-schema-graph\">{\"@context\":\"https:\\\/\\\/schema.org\",\"@graph\":[{\"@type\":\"BlogPosting\",\"@id\":\"https:\\\/\\\/www.tui.ch\\\/de\\\/blog\\\/6-traumziele-mit-edelweiss\\\/#article\",\"isPartOf\":{\"@id\":\"https:\\\/\\\/www.tui.ch\\\/de\\\/blog\\\/6-traumziele-mit-edelweiss\\\/\"},\"author\":{\"name\":\"Giulia Aversa\",\"@id\":\"https:\\\/\\\/www.tui.ch\\\/de\\\/blog\\\/#\\\/schema\\\/person\\\/3fe4678fffa6dc7b4b113a198c3c6512\"},\"headline\":\"Neue Horizonte, neue Abenteuer: 6 Traumziele mit Edelweiss\",\"datePublished\":\"2026-09-02T06:15:53+00:00\",\"dateModified\":\"2026-09-02T06:30:06+00:00\",\"mainEntityOfPage\":{\"@id\":\"https:\\\/\\\/www.tui.ch\\\/de\\\/blog\\\/6-traumziele-mit-edelweiss\\\/\"},\"wordCount\":718,\"commentCount\":0,\"publisher\":{\"@id\":\"https:\\\/\\\/www.tui.ch\\\/de\\\/blog\\\/#organization\"},\"image\":{\"@id\":\"https:\\\/\\\/www.tui.ch\\\/de\\\/blog\\\/6-traumziele-mit-edelweiss\\\/#primaryimage\"},\"thumbnailUrl\":\"https:\\\/\\\/www.tui.ch\\\/de\\\/blog\\\/wp-content\\\/uploads\\\/2026\\\/09\\\/B2C-Newsletter-600x417-2.png\",\"keywords\":[\"\u00e4gypten\",\"azoren\",\"Badeferien\",\"costa rica\",\"Edelweiss\",\"Ferien\",\"Kapverden\",\"mexiko\",\"Sri Lanka\"],\"articleSection\":[\"Planung &amp; Tipps\"],\"inLanguage\":\"de\",\"potentialAction\":[{\"@type\":\"CommentAction\",\"name\":\"Comment\",\"target\":[\"https:\\\/\\\/www.tui.ch\\\/de\\\/blog\\\/6-traumziele-mit-edelweiss\\\/#respond\"]}]},{\"@type\":\"WebPage\",\"@id\":\"https:\\\/\\\/www.tui.ch\\\/de\\\/blog\\\/6-traumziele-mit-edelweiss\\\/\",\"url\":\"https:\\\/\\\/www.tui.ch\\\/de\\\/blog\\\/6-traumziele-mit-edelweiss\\\/\",\"name\":\"Neue Horizonte, neue Abenteuer: 6 Traumziele mit Edelweiss - TUI.ch Reiseblog\",\"isPartOf\":{\"@id\":\"https:\\\/\\\/www.tui.ch\\\/de\\\/blog\\\/#website\"},\"primaryImageOfPage\":{\"@id\":\"https:\\\/\\\/www.tui.ch\\\/de\\\/blog\\\/6-traumziele-mit-edelweiss\\\/#primaryimage\"},\"image\":{\"@id\":\"https:\\\/\\\/www.tui.ch\\\/de\\\/blog\\\/6-traumziele-mit-edelweiss\\\/#primaryimage\"},\"thumbnailUrl\":\"https:\\\/\\\/www.tui.ch\\\/de\\\/blog\\\/wp-content\\\/uploads\\\/2026\\\/09\\\/B2C-Newsletter-600x417-2.png\",\"datePublished\":\"2026-09-02T06:15:53+00:00\",\"dateModified\":\"2026-09-02T06:30:06+00:00\",\"description\":\"Entdecke sechs Traumziele mit Edelweiss ab Z\u00fcrich, von den Kapverden bis Mexiko. Perfekt f\u00fcr sonnige Ferien.\",\"breadcrumb\":{\"@id\":\"https:\\\/\\\/www.tui.ch\\\/de\\\/blog\\\/6-traumziele-mit-edelweiss\\\/#breadcrumb\"},\"inLanguage\":\"de\",\"potentialAction\":[{\"@type\":\"ReadAction\",\"target\":[\"https:\\\/\\\/www.tui.ch\\\/de\\\/blog\\\/6-traumziele-mit-edelweiss\\\/\"]}]},{\"@type\":\"ImageObject\",\"inLanguage\":\"de\",\"@id\":\"https:\\\/\\\/www.tui.ch\\\/de\\\/blog\\\/6-traumziele-mit-edelweiss\\\/#primaryimage\",\"url\":\"https:\\\/\\\/www.tui.ch\\\/de\\\/blog\\\/wp-content\\\/uploads\\\/2026\\\/09\\\/B2C-Newsletter-600x417-2.png\",\"contentUrl\":\"https:\\\/\\\/www.tui.ch\\\/de\\\/blog\\\/wp-content\\\/uploads\\\/2026\\\/09\\\/B2C-Newsletter-600x417-2.png\",\"width\":1100,\"height\":634},{\"@type\":\"BreadcrumbList\",\"@id\":\"https:\\\/\\\/www.tui.ch\\\/de\\\/blog\\\/6-traumziele-mit-edelweiss\\\/#breadcrumb\",\"itemListElement\":[{\"@type\":\"ListItem\",\"position\":1,\"name\":\"Startseite\",\"item\":\"https:\\\/\\\/www.tui.ch\\\/de\\\/blog\\\/\"},{\"@type\":\"ListItem\",\"position\":2,\"name\":\"Neue Horizonte, neue Abenteuer: 6 Traumziele mit Edelweiss\"}]},{\"@type\":\"WebSite\",\"@id\":\"https:\\\/\\\/www.tui.ch\\\/de\\\/blog\\\/#website\",\"url\":\"https:\\\/\\\/www.tui.ch\\\/de\\\/blog\\\/\",\"name\":\"TUI.ch Reiseblog\",\"description\":\"Inspirationen, Tipps und Anregungen f\u00fcr deine Ferien\",\"publisher\":{\"@id\":\"https:\\\/\\\/www.tui.ch\\\/de\\\/blog\\\/#organization\"},\"potentialAction\":[{\"@type\":\"SearchAction\",\"target\":{\"@type\":\"EntryPoint\",\"urlTemplate\":\"https:\\\/\\\/www.tui.ch\\\/de\\\/blog\\\/?s={search_term_string}\"},\"query-input\":{\"@type\":\"PropertyValueSpecification\",\"valueRequired\":true,\"valueName\":\"search_term_string\"}}],\"inLanguage\":\"de\"},{\"@type\":\"Organization\",\"@id\":\"https:\\\/\\\/www.tui.ch\\\/de\\\/blog\\\/#organization\",\"name\":\"TUI.ch Reiseblog\",\"url\":\"https:\\\/\\\/www.tui.ch\\\/de\\\/blog\\\/\",\"logo\":{\"@type\":\"ImageObject\",\"inLanguage\":\"de\",\"@id\":\"https:\\\/\\\/www.tui.ch\\\/de\\\/blog\\\/#\\\/schema\\\/logo\\\/image\\\/\",\"url\":\"https:\\\/\\\/www.tui.ch\\\/de\\\/blog\\\/wp-content\\\/uploads\\\/2025\\\/09\\\/cropped-tui-logo-3.webp\",\"contentUrl\":\"https:\\\/\\\/www.tui.ch\\\/de\\\/blog\\\/wp-content\\\/uploads\\\/2025\\\/09\\\/cropped-tui-logo-3.webp\",\"width\":164,\"height\":72,\"caption\":\"TUI.ch Reiseblog\"},\"image\":{\"@id\":\"https:\\\/\\\/www.tui.ch\\\/de\\\/blog\\\/#\\\/schema\\\/logo\\\/image\\\/\"}},{\"@type\":\"Person\",\"@id\":\"https:\\\/\\\/www.tui.ch\\\/de\\\/blog\\\/#\\\/schema\\\/person\\\/3fe4678fffa6dc7b4b113a198c3c6512\",\"name\":\"Giulia Aversa\",\"url\":\"https:\\\/\\\/www.tui.ch\\\/de\\\/blog\\\/author\\\/giulia-aversa\\\/\"}]}<\/script>\n<!-- \/ Yoast SEO plugin. -->","yoast_head_json":{"title":"Neue Horizonte, neue Abenteuer: 6 Traumziele mit Edelweiss - TUI.ch Reiseblog","description":"Entdecke sechs Traumziele mit Edelweiss ab Z\u00fcrich, von den Kapverden bis Mexiko. Perfekt f\u00fcr sonnige Ferien.","robots":{"index":"index","follow":"follow","max-snippet":"max-snippet:-1","max-image-preview":"max-image-preview:large","max-video-preview":"max-video-preview:-1"},"canonical":"https:\/\/www.tui.ch\/de\/blog\/6-traumziele-mit-edelweiss\/","og_locale":"de_DE","og_type":"article","og_title":"Neue Horizonte, neue Abenteuer: 6 Traumziele mit Edelweiss - TUI.ch Reiseblog","og_description":"Entdecke sechs Traumziele mit Edelweiss ab Z\u00fcrich, von den Kapverden bis Mexiko. Perfekt f\u00fcr sonnige Ferien.","og_url":"https:\/\/www.tui.ch\/de\/blog\/6-traumziele-mit-edelweiss\/","og_site_name":"TUI.ch Reiseblog","article_published_time":"2026-09-02T06:15:53+00:00","article_modified_time":"2026-09-02T06:30:06+00:00","og_image":[{"width":1100,"height":634,"url":"https:\/\/www.tui.ch\/de\/blog\/wp-content\/uploads\/2026\/09\/B2C-Newsletter-600x417-2.png","type":"image\/png"}],"author":"Giulia Aversa","twitter_card":"summary_large_image","twitter_misc":{"Verfasst von":"Giulia Aversa","Gesch\u00e4tzte Lesezeit":"4\u00a0Minuten"},"schema":{"@context":"https:\/\/schema.org","@graph":[{"@type":"BlogPosting","@id":"https:\/\/www.tui.ch\/de\/blog\/6-traumziele-mit-edelweiss\/#article","isPartOf":{"@id":"https:\/\/www.tui.ch\/de\/blog\/6-traumziele-mit-edelweiss\/"},"author":{"name":"Giulia Aversa","@id":"https:\/\/www.tui.ch\/de\/blog\/#\/schema\/person\/3fe4678fffa6dc7b4b113a198c3c6512"},"headline":"Neue Horizonte, neue Abenteuer: 6 Traumziele mit Edelweiss","datePublished":"2026-09-02T06:15:53+00:00","dateModified":"2026-09-02T06:30:06+00:00","mainEntityOfPage":{"@id":"https:\/\/www.tui.ch\/de\/blog\/6-traumziele-mit-edelweiss\/"},"wordCount":718,"commentCount":0,"publisher":{"@id":"https:\/\/www.tui.ch\/de\/blog\/#organization"},"image":{"@id":"https:\/\/www.tui.ch\/de\/blog\/6-traumziele-mit-edelweiss\/#primaryimage"},"thumbnailUrl":"https:\/\/www.tui.ch\/de\/blog\/wp-content\/uploads\/2026\/09\/B2C-Newsletter-600x417-2.png","keywords":["\u00e4gypten","azoren","Badeferien","costa rica","Edelweiss","Ferien","Kapverden","mexiko","Sri Lanka"],"articleSection":["Planung &amp; Tipps"],"inLanguage":"de","potentialAction":[{"@type":"CommentAction","name":"Comment","target":["https:\/\/www.tui.ch\/de\/blog\/6-traumziele-mit-edelweiss\/#respond"]}]},{"@type":"WebPage","@id":"https:\/\/www.tui.ch\/de\/blog\/6-traumziele-mit-edelweiss\/","url":"https:\/\/www.tui.ch\/de\/blog\/6-traumziele-mit-edelweiss\/","name":"Neue Horizonte, neue Abenteuer: 6 Traumziele mit Edelweiss - TUI.ch Reiseblog","isPartOf":{"@id":"https:\/\/www.tui.ch\/de\/blog\/#website"},"primaryImageOfPage":{"@id":"https:\/\/www.tui.ch\/de\/blog\/6-traumziele-mit-edelweiss\/#primaryimage"},"image":{"@id":"https:\/\/www.tui.ch\/de\/blog\/6-traumziele-mit-edelweiss\/#primaryimage"},"thumbnailUrl":"https:\/\/www.tui.ch\/de\/blog\/wp-content\/uploads\/2026\/09\/B2C-Newsletter-600x417-2.png","datePublished":"2026-09-02T06:15:53+00:00","dateModified":"2026-09-02T06:30:06+00:00","description":"Entdecke sechs Traumziele mit Edelweiss ab Z\u00fcrich, von den Kapverden bis Mexiko. Perfekt f\u00fcr sonnige Ferien.","breadcrumb":{"@id":"https:\/\/www.tui.ch\/de\/blog\/6-traumziele-mit-edelweiss\/#breadcrumb"},"inLanguage":"de","potentialAction":[{"@type":"ReadAction","target":["https:\/\/www.tui.ch\/de\/blog\/6-traumziele-mit-edelweiss\/"]}]},{"@type":"ImageObject","inLanguage":"de","@id":"https:\/\/www.tui.ch\/de\/blog\/6-traumziele-mit-edelweiss\/#primaryimage","url":"https:\/\/www.tui.ch\/de\/blog\/wp-content\/uploads\/2026\/09\/B2C-Newsletter-600x417-2.png","contentUrl":"https:\/\/www.tui.ch\/de\/blog\/wp-content\/uploads\/2026\/09\/B2C-Newsletter-600x417-2.png","width":1100,"height":634},{"@type":"BreadcrumbList","@id":"https:\/\/www.tui.ch\/de\/blog\/6-traumziele-mit-edelweiss\/#breadcrumb","itemListElement":[{"@type":"ListItem","position":1,"name":"Startseite","item":"https:\/\/www.tui.ch\/de\/blog\/"},{"@type":"ListItem","position":2,"name":"Neue Horizonte, neue Abenteuer: 6 Traumziele mit Edelweiss"}]},{"@type":"WebSite","@id":"https:\/\/www.tui.ch\/de\/blog\/#website","url":"https:\/\/www.tui.ch\/de\/blog\/","name":"TUI.ch Reiseblog","description":"Inspirationen, Tipps und Anregungen f\u00fcr deine Ferien","publisher":{"@id":"https:\/\/www.tui.ch\/de\/blog\/#organization"},"potentialAction":[{"@type":"SearchAction","target":{"@type":"EntryPoint","urlTemplate":"https:\/\/www.tui.ch\/de\/blog\/?s={search_term_string}"},"query-input":{"@type":"PropertyValueSpecification","valueRequired":true,"valueName":"search_term_string"}}],"inLanguage":"de"},{"@type":"Organization","@id":"https:\/\/www.tui.ch\/de\/blog\/#organization","name":"TUI.ch Reiseblog","url":"https:\/\/www.tui.ch\/de\/blog\/","logo":{"@type":"ImageObject","inLanguage":"de","@id":"https:\/\/www.tui.ch\/de\/blog\/#\/schema\/logo\/image\/","url":"https:\/\/www.tui.ch\/de\/blog\/wp-content\/uploads\/2025\/09\/cropped-tui-logo-3.webp","contentUrl":"https:\/\/www.tui.ch\/de\/blog\/wp-content\/uploads\/2025\/09\/cropped-tui-logo-3.webp","width":164,"height":72,"caption":"TUI.ch Reiseblog"},"image":{"@id":"https:\/\/www.tui.ch\/de\/blog\/#\/schema\/logo\/image\/"}},{"@type":"Person","@id":"https:\/\/www.tui.ch\/de\/blog\/#\/schema\/person\/3fe4678fffa6dc7b4b113a198c3c6512","name":"Giulia Aversa","url":"https:\/\/www.tui.ch\/de\/blog\/author\/giulia-aversa\/"}]}},"_links":{"self":[{"href":"https:\/\/www.tui.ch\/de\/blog\/wp-json\/wp\/v2\/posts\/500583","targetHints":{"allow":["GET"]}}],"collection":[{"href":"https:\/\/www.tui.ch\/de\/blog\/wp-json\/wp\/v2\/posts"}],"about":[{"href":"https:\/\/www.tui.ch\/de\/blog\/wp-json\/wp\/v2\/types\/post"}],"author":[{"embeddable":true,"href":"https:\/\/www.tui.ch\/de\/blog\/wp-json\/wp\/v2\/users\/195"}],"replies":[{"embeddable":true,"href":"https:\/\/www.tui.ch\/de\/blog\/wp-json\/wp\/v2\/comments?post=500583"}],"version-history":[{"count":4,"href":"https:\/\/www.tui.ch\/de\/blog\/wp-json\/wp\/v2\/posts\/500583\/revisions"}],"predecessor-version":[{"id":500611,"href":"https:\/\/www.tui.ch\/de\/blog\/wp-json\/wp\/v2\/posts\/500583\/revisions\/500611"}],"wp:featuredmedia":[{"embeddable":true,"href":"https:\/\/www.tui.ch\/de\/blog\/wp-json\/wp\/v2\/media\/500645"}],"wp:attachment":[{"href":"https:\/\/www.tui.ch\/de\/blog\/wp-json\/wp\/v2\/media?parent=500583"}],"wp:term":[{"taxonomy":"category","embeddable":true,"href":"https:\/\/www.tui.ch\/de\/blog\/wp-json\/wp\/v2\/categories?post=500583"},{"taxonomy":"post_tag","embeddable":true,"href":"https:\/\/www.tui.ch\/de\/blog\/wp-json\/wp\/v2\/tags?post=500583"}],"curies":[{"name":"wp","href":"https:\/\/api.w.org\/{rel}","templated":true}]}}