{"id":493453,"date":"2026-04-24T18:00:00","date_gmt":"2026-04-24T16:00:00","guid":{"rendered":"https:\/\/www.tui.ch\/de\/blog\/?p=493453"},"modified":"2026-04-16T09:22:38","modified_gmt":"2026-04-16T07:22:38","slug":"bodrum-und-antalya-entdecken-sommerferien-in-der-tuerkei","status":"publish","type":"post","link":"https:\/\/www.tui.ch\/de\/blog\/bodrum-und-antalya-entdecken-sommerferien-in-der-tuerkei\/","title":{"rendered":"Zwischen \u00c4g\u00e4is und Riviera: Bodrum und Antalya neu entdecken"},"content":{"rendered":"<p data-start=\"72\" data-end=\"359\">Manche Reiseziele schaffen es schon beim ersten Gedanken, Vorfreude auszul\u00f6sen. Sonne auf der Haut, das Meer in unz\u00e4hligen Blaut\u00f6nen, lange Abende unter freiem Himmel und das Gef\u00fchl, endlich Zeit f\u00fcr das Wesentliche zu haben. Genau dieses <strong data-start=\"311\" data-end=\"327\">Feriengef\u00fchl<\/strong> wartet an der t\u00fcrkischen K\u00fcste.<\/p>\n<p data-start=\"361\" data-end=\"776\">Mit <strong data-start=\"365\" data-end=\"375\">Bodrum<\/strong> und <strong data-start=\"380\" data-end=\"391\">Antalya<\/strong> treffen zwei Destinationen aufeinander, die unterschiedlicher kaum sein k\u00f6nnten \u2013 und genau deshalb so perfekt zusammenpassen. Auf der einen Seite die stilvolle <strong data-start=\"553\" data-end=\"562\">\u00c4g\u00e4is<\/strong> mit eleganten Buchten, modernem Lifestyle und entspanntem Sommerflair. Auf der anderen Seite die <strong data-start=\"660\" data-end=\"681\">T\u00fcrkische Riviera<\/strong> mit goldenen Str\u00e4nden, beeindruckender Natur und einer grossen Auswahl an komfortablen Hotels.<\/p>\n<p data-start=\"1105\" data-end=\"1238\">Wer Sonne, Erholung und besondere Momente sucht, findet hier gleich doppelte <strong>Ferieninspiration<\/strong>.<!--ScriptorEndFragment--><\/p>\n\n\n<hr class=\"wp-block-separator has-alpha-channel-opacity\"\/>\n\n\n\n<h3 class=\"wp-block-heading\">Bodrum: Stilvolle Sommerferien mit besonderem Flair<\/h3>\n\n\n<p data-start=\"262\" data-end=\"531\"><strong data-start=\"262\" data-end=\"272\">Bodrum<\/strong> geh\u00f6rt zu den sch\u00f6nsten Ferienorten an der t\u00fcrkischen \u00c4g\u00e4is. Weiss get\u00fcnchte H\u00e4user ziehen sich \u00fcber die H\u00fcgel, Bougainvillea schm\u00fccken kleine Gassen, im Hafen schaukeln Yachten auf dem Wasser. Die Atmosph\u00e4re wirkt entspannt, elegant und lebendig zugleich.<\/p>\n<p data-start=\"533\" data-end=\"922\">Die Region ist ideal f\u00fcr alle, die <strong data-start=\"568\" data-end=\"591\">Badeferien mit Stil<\/strong> verbinden m\u00f6chten. Rund um die Halbinsel warten traumhafte Buchten, moderne Resorts, charmante Boutique-Hotels und Beach Clubs mit Blick aufs Meer. Auch kulinarisch setzt <strong data-start=\"763\" data-end=\"773\">Bodrum<\/strong> besondere Akzente \u2013 von stilvollen Hafenrestaurants bis zu ausgezeichneten Fine-Dining-Adressen, darunter auch <strong data-start=\"885\" data-end=\"919\">Michelin-pr\u00e4mierte Restaurants<\/strong>. Wer die K\u00fcste aus einer neuen Perspektive erleben m\u00f6chte, entdeckt <strong data-start=\"991\" data-end=\"1001\">Bodrum<\/strong> am sch\u00f6nsten bei einer <strong><a href=\"https:\/\/www.tuimusement.com\/de\/turkei\/bodrum\/bodrum-gulet-bootstour-mit-outback-yachting\/e_0qvow-d_559-c_177\/\">Fahrt mit einer traditionellen Gulet<\/a>, <\/strong>dem klassischen Holzboot der T\u00fcrkei.<\/p>\n<p data-start=\"1108\" data-end=\"1425\">Auch abseits der K\u00fcste hat <strong data-start=\"1135\" data-end=\"1145\">Bodrum<\/strong> viel zu bieten. Kleine Boutiquen, lokale M\u00e4rkte und gem\u00fctliche Caf\u00e9s laden zum Bummeln ein. Am Abend zeigt sich die Destination von ihrer besonders sch\u00f6nen Seite: Wenn die Sonne langsam untergeht, beginnt das Leben an der Marina mit Restaurants, Musik und warmen Sommern\u00e4chten.<\/p>\n<p><strong>Darum begeistert Bodrum:<\/strong><\/p>\n<ul>\n<li><span style=\"font-family: -apple-system, system-ui, BlinkMacSystemFont, 'Segoe UI', Helvetica, Arial, sans-serif, 'Apple Color Emoji', 'Segoe UI Emoji', 'Segoe UI Symbol'; font-size: 17px;\">Stilvolle Hotels und hochwertige <\/span><span style=\"font-family: -apple-system, system-ui, BlinkMacSystemFont, 'Segoe UI', Helvetica, Arial, sans-serif, 'Apple Color Emoji', 'Segoe UI Emoji', 'Segoe UI Symbol'; font-size: 17px;\">Resorts<\/span><\/li>\n<li>Wundersch\u00f6ne Buchten mit kristallklarem Wasser<\/li>\n<li>Perfekte Mischung aus Ruhe und Lifestyle<\/li>\n<li>Michelin-pr\u00e4mierte Restaurants und Fine Dining<\/li>\n<li>Gulet-Ausfl\u00fcge entlang der K\u00fcste<\/li>\n<li>Ideal f\u00fcr Paare, Freunde und Geniesser<\/li>\n<\/ul>\n<p data-start=\"2235\" data-end=\"2369\"><strong data-start=\"2235\" data-end=\"2245\">Bodrum<\/strong> ist ein Ort f\u00fcr alle, die Ferien nicht nur planen, sondern bewusst geniessen m\u00f6chten.<\/p>\n\n\n<figure class=\"gb-block-image gb-block-image-989db62f\"><img loading=\"lazy\" decoding=\"async\" width=\"2560\" height=\"1706\" class=\"gb-image gb-image-989db62f\" src=\"https:\/\/www.tui.ch\/de\/blog\/wp-content\/uploads\/2026\/04\/AdobeStock_630630754-scaled.jpeg\" alt=\"\" title=\"Aerial view of ancient castle in Bodrum town\" srcset=\"https:\/\/www.tui.ch\/de\/blog\/wp-content\/uploads\/2026\/04\/AdobeStock_630630754-scaled.jpeg 2560w, https:\/\/www.tui.ch\/de\/blog\/wp-content\/uploads\/2026\/04\/AdobeStock_630630754-666x444.jpeg 666w, https:\/\/www.tui.ch\/de\/blog\/wp-content\/uploads\/2026\/04\/AdobeStock_630630754-845x563.jpeg 845w, https:\/\/www.tui.ch\/de\/blog\/wp-content\/uploads\/2026\/04\/AdobeStock_630630754-768x512.jpeg 768w, https:\/\/www.tui.ch\/de\/blog\/wp-content\/uploads\/2026\/04\/AdobeStock_630630754-1536x1024.jpeg 1536w, https:\/\/www.tui.ch\/de\/blog\/wp-content\/uploads\/2026\/04\/AdobeStock_630630754-2048x1365.jpeg 2048w, https:\/\/www.tui.ch\/de\/blog\/wp-content\/uploads\/2026\/04\/AdobeStock_630630754-330x220.jpeg 330w\" sizes=\"auto, (max-width: 2560px) 100vw, 2560px\" \/><\/figure>\n\n\n\n<hr class=\"wp-block-separator has-alpha-channel-opacity\"\/>\n\n\n\n<h3 class=\"wp-block-heading\">Antalya: Die T\u00fcrkische Riviera von ihrer sch\u00f6nsten Seite<\/h3>\n\n\n<p data-start=\"2442\" data-end=\"2726\"><strong data-start=\"2442\" data-end=\"2453\">Antalya<\/strong> z\u00e4hlt seit Jahren zu den beliebtesten Ferienregionen der T\u00fcrkei \u2013 und das aus gutem Grund. Die Stadt und ihre Umgebung verbinden traumhafte <strong data-start=\"2594\" data-end=\"2605\">Str\u00e4nde<\/strong>, eine eindrucksvolle Naturkulisse und erstklassige Hotels mit allem Komfort, den man sich f\u00fcr entspannte Ferien w\u00fcnscht.<\/p>\n<p data-start=\"2728\" data-end=\"3054\">Die Region bietet eine beeindruckende Vielfalt. Wer Strandtage liebt, findet lange Sand- und Kiesstr\u00e4nde mit glasklarem Wasser. Wer gerne aktiv unterwegs ist, entdeckt <strong><a href=\"https:\/\/www.tuimusement.com\/de\/turkei\/antalya\/antalya-wasserfalle-bootstour\/e_2z9ko-d_481-c_177\/\">Wasserf\u00e4lle<\/a><\/strong>, Wanderwege oder historische St\u00e4tten in der Umgebung. Und wer einfach nur abschalten m\u00f6chte, geniesst sonnige Tage am Pool mit Rundum-Service.<\/p>\n<p data-start=\"3056\" data-end=\"3300\">Besonders beliebt ist <strong data-start=\"3078\" data-end=\"3089\">Antalya<\/strong> auch wegen seiner grossen Auswahl an Hotels, von <strong>familienfreundlichen Resorts mit Aquapark<\/strong> bis zu <strong>stilvollen Adults-only-H\u00e4usern<\/strong> oder <strong>luxuri\u00f6sen Wellnesshotels<\/strong>. So findet jede Reise ihren passenden Rahmen.<\/p>\n<p data-start=\"3302\" data-end=\"3531\">Auch die Altstadt von <strong data-start=\"3324\" data-end=\"3335\">Antalya<\/strong>, <strong data-start=\"3337\" data-end=\"3348\">Kaleici<\/strong>, lohnt sich: verwinkelte Gassen, historische H\u00e4user, kleine Restaurants und ein wundersch\u00f6ner Hafen machen den Stadtteil zu einem idealen Ziel f\u00fcr einen entspannten Abendspaziergang.<\/p>\n<p data-section-id=\"fidl9\" data-start=\"3533\" data-end=\"3572\"><strong><span role=\"text\">Was Antalya so besonders macht:<\/span><\/strong><\/p>\n<ul>\n<li>Traumhafte Str\u00e4nde und sonniges Klima<\/li>\n<li>Grosse Auswahl an Hotels f\u00fcr jeden Reisestil<\/li>\n<li>Perfekt f\u00fcr Familien, Paare und Erholungssuchende<\/li>\n<li>Naturerlebnisse und spannende Ausfl\u00fcge<\/li>\n<li>Historische Altstadt mit besonderem Charme<\/li>\n<li>Sehr gute Erreichbarkeit und kurze Transferzeiten<\/li>\n<\/ul>\n<p data-start=\"3864\" data-end=\"4004\"><strong data-start=\"3864\" data-end=\"3875\">Antalya<\/strong> ist wie gemacht f\u00fcr alle, die unkomplizierte Ferien mit viel Auswahl und Sonne pur suchen.<\/p>\n\n\n<figure class=\"gb-block-image gb-block-image-5891f843\"><img loading=\"lazy\" decoding=\"async\" width=\"2560\" height=\"1707\" class=\"gb-image gb-image-5891f843\" src=\"https:\/\/www.tui.ch\/de\/blog\/wp-content\/uploads\/2026\/04\/Konyaaalti-scaled.jpg\" alt=\"\" title=\"Konyaaalt\u0131\" srcset=\"https:\/\/www.tui.ch\/de\/blog\/wp-content\/uploads\/2026\/04\/Konyaaalti-scaled.jpg 2560w, https:\/\/www.tui.ch\/de\/blog\/wp-content\/uploads\/2026\/04\/Konyaaalti-666x444.jpg 666w, https:\/\/www.tui.ch\/de\/blog\/wp-content\/uploads\/2026\/04\/Konyaaalti-844x563.jpg 844w, https:\/\/www.tui.ch\/de\/blog\/wp-content\/uploads\/2026\/04\/Konyaaalti-768x512.jpg 768w, https:\/\/www.tui.ch\/de\/blog\/wp-content\/uploads\/2026\/04\/Konyaaalti-1536x1024.jpg 1536w, https:\/\/www.tui.ch\/de\/blog\/wp-content\/uploads\/2026\/04\/Konyaaalti-2048x1365.jpg 2048w, https:\/\/www.tui.ch\/de\/blog\/wp-content\/uploads\/2026\/04\/Konyaaalti-330x220.jpg 330w\" sizes=\"auto, (max-width: 2560px) 100vw, 2560px\" \/><\/figure>\n\n\n\n<hr class=\"wp-block-separator has-alpha-channel-opacity\"\/>\n\n\n\n<h3 class=\"wp-block-heading\">Zwei Regionen, ein Gef\u00fchl: Sommer pur<\/h3>\n\n\n<p data-start=\"4057\" data-end=\"4365\"><strong data-start=\"4057\" data-end=\"4067\">Bodrum<\/strong> und <strong data-start=\"4072\" data-end=\"4083\">Antalya<\/strong> zeigen zwei Seiten der T\u00fcrkei und beide machen Lust auf Ferien. Hier die stilvolle Leichtigkeit der \u00c4g\u00e4is, dort die sonnige Vielfalt der Riviera. Gemeinsam stehen sie f\u00fcr herzliche Gastfreundschaft, hervorragende Hotels und diese besondere Mischung aus <strong data-start=\"4339\" data-end=\"4351\">Erholung<\/strong> und Erlebnis.<\/p>\n<p data-start=\"4367\" data-end=\"4545\">Morgens mit Blick aufs Meer aufwachen, tags\u00fcber zwischen Strand, Pool oder Ausflug w\u00e4hlen und abends draussen sitzen, wenn die Luft noch warm ist, genau so f\u00fchlt sich Sommer an.<\/p>\n\n\n<figure class=\"gb-block-image gb-block-image-5a8b4851\"><img loading=\"lazy\" decoding=\"async\" width=\"2560\" height=\"1438\" class=\"gb-image gb-image-5a8b4851\" src=\"https:\/\/www.tui.ch\/de\/blog\/wp-content\/uploads\/2026\/04\/Kekova-View-scaled.jpg\" alt=\"\" title=\"Kekova View\" srcset=\"https:\/\/www.tui.ch\/de\/blog\/wp-content\/uploads\/2026\/04\/Kekova-View-scaled.jpg 2560w, https:\/\/www.tui.ch\/de\/blog\/wp-content\/uploads\/2026\/04\/Kekova-View-790x444.jpg 790w, https:\/\/www.tui.ch\/de\/blog\/wp-content\/uploads\/2026\/04\/Kekova-View-1000x563.jpg 1000w, https:\/\/www.tui.ch\/de\/blog\/wp-content\/uploads\/2026\/04\/Kekova-View-320x180.jpg 320w, https:\/\/www.tui.ch\/de\/blog\/wp-content\/uploads\/2026\/04\/Kekova-View-768x431.jpg 768w, https:\/\/www.tui.ch\/de\/blog\/wp-content\/uploads\/2026\/04\/Kekova-View-1536x863.jpg 1536w, https:\/\/www.tui.ch\/de\/blog\/wp-content\/uploads\/2026\/04\/Kekova-View-2048x1150.jpg 2048w, https:\/\/www.tui.ch\/de\/blog\/wp-content\/uploads\/2026\/04\/Kekova-View-390x220.jpg 390w\" sizes=\"auto, (max-width: 2560px) 100vw, 2560px\" \/><\/figure>\n\n\n\n<hr class=\"wp-block-separator has-alpha-channel-opacity\"\/>\n\n\n\n<h3 class=\"wp-block-heading\">Welche Destination passt zu wem?<\/h3>\n\n\n<p data-section-id=\"1lj29l5\" data-start=\"4589\" data-end=\"4622\"><strong><span role=\"text\">Bodrum passt perfekt f\u00fcr:<\/span><\/strong><\/p>\n<ul data-start=\"4623\" data-end=\"4710\">\n<li data-section-id=\"y3w173\" data-start=\"4623\" data-end=\"4632\">Paare<\/li>\n<li data-section-id=\"1daru83\" data-start=\"4633\" data-end=\"4644\">Freunde<\/li>\n<li data-section-id=\"tbsm0e\" data-start=\"4645\" data-end=\"4675\">Design- und Lifestyle-Fans<\/li>\n<li data-section-id=\"mswv39\" data-start=\"4676\" data-end=\"4710\">Ruhesuchende mit Sinn f\u00fcr Stil<\/li>\n<\/ul>\n<p data-section-id=\"135t5no\" data-start=\"4712\" data-end=\"4746\"><strong><span role=\"text\">Antalya passt perfekt f\u00fcr:<\/span><\/strong><\/p>\n<ul data-start=\"4747\" data-end=\"4848\">\n<li data-section-id=\"sfmced\" data-start=\"4747\" data-end=\"4759\">Familien<\/li>\n<li data-section-id=\"1pyhvn6\" data-start=\"4760\" data-end=\"4778\">Sonnenhungrige<\/li>\n<li data-section-id=\"q2to1o\" data-start=\"4779\" data-end=\"4800\">Erholungssuchende<\/li>\n<li data-section-id=\"14ylbb6\" data-start=\"4801\" data-end=\"4848\">Reisende, die Komfort und Vielfalt sch\u00e4tzen<\/li>\n<\/ul>\n\n\n<figure class=\"gb-block-image gb-block-image-36c89397\"><img loading=\"lazy\" decoding=\"async\" width=\"2560\" height=\"1707\" class=\"gb-image gb-image-36c89397\" src=\"https:\/\/www.tui.ch\/de\/blog\/wp-content\/uploads\/2026\/04\/Kekova-Couple-scaled.jpg\" alt=\"\" title=\"Kekova Couple\" srcset=\"https:\/\/www.tui.ch\/de\/blog\/wp-content\/uploads\/2026\/04\/Kekova-Couple-scaled.jpg 2560w, https:\/\/www.tui.ch\/de\/blog\/wp-content\/uploads\/2026\/04\/Kekova-Couple-666x444.jpg 666w, https:\/\/www.tui.ch\/de\/blog\/wp-content\/uploads\/2026\/04\/Kekova-Couple-845x563.jpg 845w, https:\/\/www.tui.ch\/de\/blog\/wp-content\/uploads\/2026\/04\/Kekova-Couple-768x512.jpg 768w, https:\/\/www.tui.ch\/de\/blog\/wp-content\/uploads\/2026\/04\/Kekova-Couple-1536x1024.jpg 1536w, https:\/\/www.tui.ch\/de\/blog\/wp-content\/uploads\/2026\/04\/Kekova-Couple-2048x1365.jpg 2048w, https:\/\/www.tui.ch\/de\/blog\/wp-content\/uploads\/2026\/04\/Kekova-Couple-330x220.jpg 330w\" sizes=\"auto, (max-width: 2560px) 100vw, 2560px\" \/><\/figure>\n\n\n\n<hr class=\"wp-block-separator has-alpha-channel-opacity\"\/>\n\n\n\n<h3 class=\"wp-block-heading\">Jetzt deinen Sommer planen<\/h3>\n\n\n<p data-start=\"4883\" data-end=\"5136\">Ob stilvolle Auszeit in <strong data-start=\"4907\" data-end=\"4917\">Bodrum<\/strong> oder entspannte Ferien an der Riviera in <strong data-start=\"4959\" data-end=\"4970\">Antalya<\/strong> \u2013 beide Destinationen machen den Sommer zu etwas Besonderem. Und manchmal braucht es gar nicht mehr als Sonne, Meer und einen Ort, an dem man sofort abschalten kann.<\/p>\n<p data-start=\"5138\" data-end=\"5227\" data-is-last-node=\"\" data-is-only-node=\"\"><strong data-start=\"5138\" data-end=\"5227\" data-is-last-node=\"\">Jetzt Bodrum und Antalya entdecken und die Vorfreude auf den n\u00e4chsten Sommer starten. <br \/>Auf was wartest du und buch deine n\u00e4chsten <a href=\"https:\/\/www.tui.ch\/de\/hotel\/tuerkei\/\">Traumferien in der T\u00fcrkei.<\/a><\/strong><\/p>\n\n\n<figure class=\"gb-block-image gb-block-image-24356d65\"><img loading=\"lazy\" decoding=\"async\" width=\"2560\" height=\"1707\" class=\"gb-image gb-image-24356d65\" src=\"https:\/\/www.tui.ch\/de\/blog\/wp-content\/uploads\/2026\/04\/AdobeStock_572437272-scaled.jpeg\" alt=\"\" title=\"Kaputas Beach view from top. Kaputas beach is on the Turkish Mediterranean coast, and an important tourist destination.\" srcset=\"https:\/\/www.tui.ch\/de\/blog\/wp-content\/uploads\/2026\/04\/AdobeStock_572437272-scaled.jpeg 2560w, https:\/\/www.tui.ch\/de\/blog\/wp-content\/uploads\/2026\/04\/AdobeStock_572437272-666x444.jpeg 666w, https:\/\/www.tui.ch\/de\/blog\/wp-content\/uploads\/2026\/04\/AdobeStock_572437272-845x563.jpeg 845w, https:\/\/www.tui.ch\/de\/blog\/wp-content\/uploads\/2026\/04\/AdobeStock_572437272-768x512.jpeg 768w, https:\/\/www.tui.ch\/de\/blog\/wp-content\/uploads\/2026\/04\/AdobeStock_572437272-1536x1024.jpeg 1536w, https:\/\/www.tui.ch\/de\/blog\/wp-content\/uploads\/2026\/04\/AdobeStock_572437272-2048x1365.jpeg 2048w, https:\/\/www.tui.ch\/de\/blog\/wp-content\/uploads\/2026\/04\/AdobeStock_572437272-330x220.jpeg 330w\" sizes=\"auto, (max-width: 2560px) 100vw, 2560px\" \/><\/figure>\n\n\n\n<hr class=\"wp-block-separator has-alpha-channel-opacity\"\/>\n\n\n\n<figure class=\"gb-block-image gb-block-image-89aed4a8\"><img loading=\"lazy\" decoding=\"async\" width=\"2048\" height=\"319\" class=\"gb-image gb-image-89aed4a8\" src=\"https:\/\/www.tui.ch\/de\/blog\/wp-content\/uploads\/2026\/04\/Design-ohne-Titel-7.png\" alt=\"\" title=\"Design ohne Titel (7)\" srcset=\"https:\/\/www.tui.ch\/de\/blog\/wp-content\/uploads\/2026\/04\/Design-ohne-Titel-7.png 2048w, https:\/\/www.tui.ch\/de\/blog\/wp-content\/uploads\/2026\/04\/Design-ohne-Titel-7-790x123.png 790w, https:\/\/www.tui.ch\/de\/blog\/wp-content\/uploads\/2026\/04\/Design-ohne-Titel-7-1000x156.png 1000w, https:\/\/www.tui.ch\/de\/blog\/wp-content\/uploads\/2026\/04\/Design-ohne-Titel-7-768x120.png 768w, https:\/\/www.tui.ch\/de\/blog\/wp-content\/uploads\/2026\/04\/Design-ohne-Titel-7-1536x239.png 1536w, https:\/\/www.tui.ch\/de\/blog\/wp-content\/uploads\/2026\/04\/Design-ohne-Titel-7-390x61.png 390w\" sizes=\"auto, (max-width: 2048px) 100vw, 2048px\" \/><\/figure>\n","protected":false},"excerpt":{"rendered":"<p>Manche Reiseziele schaffen es schon beim ersten Gedanken, Vorfreude auszul\u00f6sen. Sonne auf der Haut, das Meer in unz\u00e4hligen Blaut\u00f6nen, lange Abende unter freiem Himmel und das Gef\u00fchl, endlich Zeit f\u00fcr das Wesentliche zu haben. Genau dieses Feriengef\u00fchl wartet an der t\u00fcrkischen K\u00fcste. Mit Bodrum und Antalya treffen zwei Destinationen aufeinander,<\/p>\n","protected":false},"author":195,"featured_media":493461,"comment_status":"open","ping_status":"closed","sticky":false,"template":"","format":"standard","meta":{"_acf_changed":false,"footnotes":""},"categories":[4838],"tags":[4441,4111,4444,4365,4229,4133],"class_list":["post-493453","post","type-post","status-publish","format-standard","has-post-thumbnail","hentry","category-archiv-ferien-am-meer","tag-antalya","tag-badeferien","tag-bodrum","tag-ferien","tag-strand","tag-tuerkei"],"acf":[],"yoast_head":"<!-- This site is optimized with the Yoast SEO plugin v27.4 - https:\/\/yoast.com\/product\/yoast-seo-wordpress\/ -->\n<title>Bodrum &amp; Antalya entdecken: Sommerferien in der T\u00fcrkei<\/title>\n<meta name=\"description\" content=\"Entdecke Bodrum und Antalya mit traumhaften Str\u00e4nden, stilvollen Hotels und echtem Sommerfeeling. Jetzt deine Ferien in der T\u00fcrkei planen.\" \/>\n<meta name=\"robots\" content=\"index, follow, max-snippet:-1, max-image-preview:large, max-video-preview:-1\" \/>\n<link rel=\"canonical\" href=\"https:\/\/www.tui.ch\/de\/blog\/bodrum-und-antalya-entdecken-sommerferien-in-der-tuerkei\/\" \/>\n<meta property=\"og:locale\" content=\"de_DE\" \/>\n<meta property=\"og:type\" content=\"article\" \/>\n<meta property=\"og:title\" content=\"Bodrum &amp; Antalya entdecken: Sommerferien in der T\u00fcrkei\" \/>\n<meta property=\"og:description\" content=\"Entdecke Bodrum und Antalya mit traumhaften Str\u00e4nden, stilvollen Hotels und echtem Sommerfeeling. Jetzt deine Ferien in der T\u00fcrkei planen.\" \/>\n<meta property=\"og:url\" content=\"https:\/\/www.tui.ch\/de\/blog\/bodrum-und-antalya-entdecken-sommerferien-in-der-tuerkei\/\" \/>\n<meta property=\"og:site_name\" content=\"TUI.ch Reiseblog\" \/>\n<meta property=\"article:published_time\" content=\"2026-04-24T16:00:00+00:00\" \/>\n<meta property=\"og:image\" content=\"https:\/\/www.tui.ch\/de\/blog\/wp-content\/uploads\/2026\/04\/Kaputas-2-scaled.jpg\" \/>\n\t<meta property=\"og:image:width\" content=\"2560\" \/>\n\t<meta property=\"og:image:height\" content=\"1701\" \/>\n\t<meta property=\"og:image:type\" content=\"image\/jpeg\" \/>\n<meta name=\"author\" content=\"Giulia Aversa\" \/>\n<meta name=\"twitter:card\" content=\"summary_large_image\" \/>\n<meta name=\"twitter:label1\" content=\"Verfasst von\" \/>\n\t<meta name=\"twitter:data1\" content=\"Giulia Aversa\" \/>\n\t<meta name=\"twitter:label2\" content=\"Gesch\u00e4tzte Lesezeit\" \/>\n\t<meta name=\"twitter:data2\" content=\"4\u00a0Minuten\" \/>\n<script type=\"application\/ld+json\" class=\"yoast-schema-graph\">{\"@context\":\"https:\\\/\\\/schema.org\",\"@graph\":[{\"@type\":\"BlogPosting\",\"@id\":\"https:\\\/\\\/www.tui.ch\\\/de\\\/blog\\\/bodrum-und-antalya-entdecken-sommerferien-in-der-tuerkei\\\/#article\",\"isPartOf\":{\"@id\":\"https:\\\/\\\/www.tui.ch\\\/de\\\/blog\\\/bodrum-und-antalya-entdecken-sommerferien-in-der-tuerkei\\\/\"},\"author\":{\"name\":\"Giulia Aversa\",\"@id\":\"https:\\\/\\\/www.tui.ch\\\/de\\\/blog\\\/#\\\/schema\\\/person\\\/3fe4678fffa6dc7b4b113a198c3c6512\"},\"headline\":\"Zwischen \u00c4g\u00e4is und Riviera: Bodrum und Antalya neu entdecken\",\"datePublished\":\"2026-04-24T16:00:00+00:00\",\"mainEntityOfPage\":{\"@id\":\"https:\\\/\\\/www.tui.ch\\\/de\\\/blog\\\/bodrum-und-antalya-entdecken-sommerferien-in-der-tuerkei\\\/\"},\"wordCount\":787,\"commentCount\":0,\"publisher\":{\"@id\":\"https:\\\/\\\/www.tui.ch\\\/de\\\/blog\\\/#organization\"},\"image\":{\"@id\":\"https:\\\/\\\/www.tui.ch\\\/de\\\/blog\\\/bodrum-und-antalya-entdecken-sommerferien-in-der-tuerkei\\\/#primaryimage\"},\"thumbnailUrl\":\"https:\\\/\\\/www.tui.ch\\\/de\\\/blog\\\/wp-content\\\/uploads\\\/2026\\\/04\\\/Kaputas-2-scaled.jpg\",\"keywords\":[\"Antalya\",\"Badeferien\",\"Bodrum\",\"Ferien\",\"Strand\",\"T\u00fcrkei\"],\"articleSection\":[\"Ferien am Meer\"],\"inLanguage\":\"de\",\"potentialAction\":[{\"@type\":\"CommentAction\",\"name\":\"Comment\",\"target\":[\"https:\\\/\\\/www.tui.ch\\\/de\\\/blog\\\/bodrum-und-antalya-entdecken-sommerferien-in-der-tuerkei\\\/#respond\"]}]},{\"@type\":\"WebPage\",\"@id\":\"https:\\\/\\\/www.tui.ch\\\/de\\\/blog\\\/bodrum-und-antalya-entdecken-sommerferien-in-der-tuerkei\\\/\",\"url\":\"https:\\\/\\\/www.tui.ch\\\/de\\\/blog\\\/bodrum-und-antalya-entdecken-sommerferien-in-der-tuerkei\\\/\",\"name\":\"Bodrum & Antalya entdecken: Sommerferien in der T\u00fcrkei\",\"isPartOf\":{\"@id\":\"https:\\\/\\\/www.tui.ch\\\/de\\\/blog\\\/#website\"},\"primaryImageOfPage\":{\"@id\":\"https:\\\/\\\/www.tui.ch\\\/de\\\/blog\\\/bodrum-und-antalya-entdecken-sommerferien-in-der-tuerkei\\\/#primaryimage\"},\"image\":{\"@id\":\"https:\\\/\\\/www.tui.ch\\\/de\\\/blog\\\/bodrum-und-antalya-entdecken-sommerferien-in-der-tuerkei\\\/#primaryimage\"},\"thumbnailUrl\":\"https:\\\/\\\/www.tui.ch\\\/de\\\/blog\\\/wp-content\\\/uploads\\\/2026\\\/04\\\/Kaputas-2-scaled.jpg\",\"datePublished\":\"2026-04-24T16:00:00+00:00\",\"description\":\"Entdecke Bodrum und Antalya mit traumhaften Str\u00e4nden, stilvollen Hotels und echtem Sommerfeeling. Jetzt deine Ferien in der T\u00fcrkei planen.\",\"breadcrumb\":{\"@id\":\"https:\\\/\\\/www.tui.ch\\\/de\\\/blog\\\/bodrum-und-antalya-entdecken-sommerferien-in-der-tuerkei\\\/#breadcrumb\"},\"inLanguage\":\"de\",\"potentialAction\":[{\"@type\":\"ReadAction\",\"target\":[\"https:\\\/\\\/www.tui.ch\\\/de\\\/blog\\\/bodrum-und-antalya-entdecken-sommerferien-in-der-tuerkei\\\/\"]}]},{\"@type\":\"ImageObject\",\"inLanguage\":\"de\",\"@id\":\"https:\\\/\\\/www.tui.ch\\\/de\\\/blog\\\/bodrum-und-antalya-entdecken-sommerferien-in-der-tuerkei\\\/#primaryimage\",\"url\":\"https:\\\/\\\/www.tui.ch\\\/de\\\/blog\\\/wp-content\\\/uploads\\\/2026\\\/04\\\/Kaputas-2-scaled.jpg\",\"contentUrl\":\"https:\\\/\\\/www.tui.ch\\\/de\\\/blog\\\/wp-content\\\/uploads\\\/2026\\\/04\\\/Kaputas-2-scaled.jpg\",\"width\":2560,\"height\":1701},{\"@type\":\"BreadcrumbList\",\"@id\":\"https:\\\/\\\/www.tui.ch\\\/de\\\/blog\\\/bodrum-und-antalya-entdecken-sommerferien-in-der-tuerkei\\\/#breadcrumb\",\"itemListElement\":[{\"@type\":\"ListItem\",\"position\":1,\"name\":\"Startseite\",\"item\":\"https:\\\/\\\/www.tui.ch\\\/de\\\/blog\\\/\"},{\"@type\":\"ListItem\",\"position\":2,\"name\":\"Zwischen \u00c4g\u00e4is und Riviera: Bodrum und Antalya neu entdecken\"}]},{\"@type\":\"WebSite\",\"@id\":\"https:\\\/\\\/www.tui.ch\\\/de\\\/blog\\\/#website\",\"url\":\"https:\\\/\\\/www.tui.ch\\\/de\\\/blog\\\/\",\"name\":\"TUI.ch Reiseblog\",\"description\":\"Inspirationen, Tipps und Anregungen f\u00fcr deine Ferien\",\"publisher\":{\"@id\":\"https:\\\/\\\/www.tui.ch\\\/de\\\/blog\\\/#organization\"},\"potentialAction\":[{\"@type\":\"SearchAction\",\"target\":{\"@type\":\"EntryPoint\",\"urlTemplate\":\"https:\\\/\\\/www.tui.ch\\\/de\\\/blog\\\/?s={search_term_string}\"},\"query-input\":{\"@type\":\"PropertyValueSpecification\",\"valueRequired\":true,\"valueName\":\"search_term_string\"}}],\"inLanguage\":\"de\"},{\"@type\":\"Organization\",\"@id\":\"https:\\\/\\\/www.tui.ch\\\/de\\\/blog\\\/#organization\",\"name\":\"TUI.ch Reiseblog\",\"url\":\"https:\\\/\\\/www.tui.ch\\\/de\\\/blog\\\/\",\"logo\":{\"@type\":\"ImageObject\",\"inLanguage\":\"de\",\"@id\":\"https:\\\/\\\/www.tui.ch\\\/de\\\/blog\\\/#\\\/schema\\\/logo\\\/image\\\/\",\"url\":\"https:\\\/\\\/www.tui.ch\\\/de\\\/blog\\\/wp-content\\\/uploads\\\/2025\\\/09\\\/cropped-tui-logo-3.webp\",\"contentUrl\":\"https:\\\/\\\/www.tui.ch\\\/de\\\/blog\\\/wp-content\\\/uploads\\\/2025\\\/09\\\/cropped-tui-logo-3.webp\",\"width\":164,\"height\":72,\"caption\":\"TUI.ch Reiseblog\"},\"image\":{\"@id\":\"https:\\\/\\\/www.tui.ch\\\/de\\\/blog\\\/#\\\/schema\\\/logo\\\/image\\\/\"}},{\"@type\":\"Person\",\"@id\":\"https:\\\/\\\/www.tui.ch\\\/de\\\/blog\\\/#\\\/schema\\\/person\\\/3fe4678fffa6dc7b4b113a198c3c6512\",\"name\":\"Giulia Aversa\",\"url\":\"https:\\\/\\\/www.tui.ch\\\/de\\\/blog\\\/author\\\/giulia-aversa\\\/\"}]}<\/script>\n<!-- \/ Yoast SEO plugin. -->","yoast_head_json":{"title":"Bodrum & Antalya entdecken: Sommerferien in der T\u00fcrkei","description":"Entdecke Bodrum und Antalya mit traumhaften Str\u00e4nden, stilvollen Hotels und echtem Sommerfeeling. Jetzt deine Ferien in der T\u00fcrkei planen.","robots":{"index":"index","follow":"follow","max-snippet":"max-snippet:-1","max-image-preview":"max-image-preview:large","max-video-preview":"max-video-preview:-1"},"canonical":"https:\/\/www.tui.ch\/de\/blog\/bodrum-und-antalya-entdecken-sommerferien-in-der-tuerkei\/","og_locale":"de_DE","og_type":"article","og_title":"Bodrum & Antalya entdecken: Sommerferien in der T\u00fcrkei","og_description":"Entdecke Bodrum und Antalya mit traumhaften Str\u00e4nden, stilvollen Hotels und echtem Sommerfeeling. Jetzt deine Ferien in der T\u00fcrkei planen.","og_url":"https:\/\/www.tui.ch\/de\/blog\/bodrum-und-antalya-entdecken-sommerferien-in-der-tuerkei\/","og_site_name":"TUI.ch Reiseblog","article_published_time":"2026-04-24T16:00:00+00:00","og_image":[{"width":2560,"height":1701,"url":"https:\/\/www.tui.ch\/de\/blog\/wp-content\/uploads\/2026\/04\/Kaputas-2-scaled.jpg","type":"image\/jpeg"}],"author":"Giulia Aversa","twitter_card":"summary_large_image","twitter_misc":{"Verfasst von":"Giulia Aversa","Gesch\u00e4tzte Lesezeit":"4\u00a0Minuten"},"schema":{"@context":"https:\/\/schema.org","@graph":[{"@type":"BlogPosting","@id":"https:\/\/www.tui.ch\/de\/blog\/bodrum-und-antalya-entdecken-sommerferien-in-der-tuerkei\/#article","isPartOf":{"@id":"https:\/\/www.tui.ch\/de\/blog\/bodrum-und-antalya-entdecken-sommerferien-in-der-tuerkei\/"},"author":{"name":"Giulia Aversa","@id":"https:\/\/www.tui.ch\/de\/blog\/#\/schema\/person\/3fe4678fffa6dc7b4b113a198c3c6512"},"headline":"Zwischen \u00c4g\u00e4is und Riviera: Bodrum und Antalya neu entdecken","datePublished":"2026-04-24T16:00:00+00:00","mainEntityOfPage":{"@id":"https:\/\/www.tui.ch\/de\/blog\/bodrum-und-antalya-entdecken-sommerferien-in-der-tuerkei\/"},"wordCount":787,"commentCount":0,"publisher":{"@id":"https:\/\/www.tui.ch\/de\/blog\/#organization"},"image":{"@id":"https:\/\/www.tui.ch\/de\/blog\/bodrum-und-antalya-entdecken-sommerferien-in-der-tuerkei\/#primaryimage"},"thumbnailUrl":"https:\/\/www.tui.ch\/de\/blog\/wp-content\/uploads\/2026\/04\/Kaputas-2-scaled.jpg","keywords":["Antalya","Badeferien","Bodrum","Ferien","Strand","T\u00fcrkei"],"articleSection":["Ferien am Meer"],"inLanguage":"de","potentialAction":[{"@type":"CommentAction","name":"Comment","target":["https:\/\/www.tui.ch\/de\/blog\/bodrum-und-antalya-entdecken-sommerferien-in-der-tuerkei\/#respond"]}]},{"@type":"WebPage","@id":"https:\/\/www.tui.ch\/de\/blog\/bodrum-und-antalya-entdecken-sommerferien-in-der-tuerkei\/","url":"https:\/\/www.tui.ch\/de\/blog\/bodrum-und-antalya-entdecken-sommerferien-in-der-tuerkei\/","name":"Bodrum & Antalya entdecken: Sommerferien in der T\u00fcrkei","isPartOf":{"@id":"https:\/\/www.tui.ch\/de\/blog\/#website"},"primaryImageOfPage":{"@id":"https:\/\/www.tui.ch\/de\/blog\/bodrum-und-antalya-entdecken-sommerferien-in-der-tuerkei\/#primaryimage"},"image":{"@id":"https:\/\/www.tui.ch\/de\/blog\/bodrum-und-antalya-entdecken-sommerferien-in-der-tuerkei\/#primaryimage"},"thumbnailUrl":"https:\/\/www.tui.ch\/de\/blog\/wp-content\/uploads\/2026\/04\/Kaputas-2-scaled.jpg","datePublished":"2026-04-24T16:00:00+00:00","description":"Entdecke Bodrum und Antalya mit traumhaften Str\u00e4nden, stilvollen Hotels und echtem Sommerfeeling. Jetzt deine Ferien in der T\u00fcrkei planen.","breadcrumb":{"@id":"https:\/\/www.tui.ch\/de\/blog\/bodrum-und-antalya-entdecken-sommerferien-in-der-tuerkei\/#breadcrumb"},"inLanguage":"de","potentialAction":[{"@type":"ReadAction","target":["https:\/\/www.tui.ch\/de\/blog\/bodrum-und-antalya-entdecken-sommerferien-in-der-tuerkei\/"]}]},{"@type":"ImageObject","inLanguage":"de","@id":"https:\/\/www.tui.ch\/de\/blog\/bodrum-und-antalya-entdecken-sommerferien-in-der-tuerkei\/#primaryimage","url":"https:\/\/www.tui.ch\/de\/blog\/wp-content\/uploads\/2026\/04\/Kaputas-2-scaled.jpg","contentUrl":"https:\/\/www.tui.ch\/de\/blog\/wp-content\/uploads\/2026\/04\/Kaputas-2-scaled.jpg","width":2560,"height":1701},{"@type":"BreadcrumbList","@id":"https:\/\/www.tui.ch\/de\/blog\/bodrum-und-antalya-entdecken-sommerferien-in-der-tuerkei\/#breadcrumb","itemListElement":[{"@type":"ListItem","position":1,"name":"Startseite","item":"https:\/\/www.tui.ch\/de\/blog\/"},{"@type":"ListItem","position":2,"name":"Zwischen \u00c4g\u00e4is und Riviera: Bodrum und Antalya neu entdecken"}]},{"@type":"WebSite","@id":"https:\/\/www.tui.ch\/de\/blog\/#website","url":"https:\/\/www.tui.ch\/de\/blog\/","name":"TUI.ch Reiseblog","description":"Inspirationen, Tipps und Anregungen f\u00fcr deine Ferien","publisher":{"@id":"https:\/\/www.tui.ch\/de\/blog\/#organization"},"potentialAction":[{"@type":"SearchAction","target":{"@type":"EntryPoint","urlTemplate":"https:\/\/www.tui.ch\/de\/blog\/?s={search_term_string}"},"query-input":{"@type":"PropertyValueSpecification","valueRequired":true,"valueName":"search_term_string"}}],"inLanguage":"de"},{"@type":"Organization","@id":"https:\/\/www.tui.ch\/de\/blog\/#organization","name":"TUI.ch Reiseblog","url":"https:\/\/www.tui.ch\/de\/blog\/","logo":{"@type":"ImageObject","inLanguage":"de","@id":"https:\/\/www.tui.ch\/de\/blog\/#\/schema\/logo\/image\/","url":"https:\/\/www.tui.ch\/de\/blog\/wp-content\/uploads\/2025\/09\/cropped-tui-logo-3.webp","contentUrl":"https:\/\/www.tui.ch\/de\/blog\/wp-content\/uploads\/2025\/09\/cropped-tui-logo-3.webp","width":164,"height":72,"caption":"TUI.ch Reiseblog"},"image":{"@id":"https:\/\/www.tui.ch\/de\/blog\/#\/schema\/logo\/image\/"}},{"@type":"Person","@id":"https:\/\/www.tui.ch\/de\/blog\/#\/schema\/person\/3fe4678fffa6dc7b4b113a198c3c6512","name":"Giulia Aversa","url":"https:\/\/www.tui.ch\/de\/blog\/author\/giulia-aversa\/"}]}},"_links":{"self":[{"href":"https:\/\/www.tui.ch\/de\/blog\/wp-json\/wp\/v2\/posts\/493453","targetHints":{"allow":["GET"]}}],"collection":[{"href":"https:\/\/www.tui.ch\/de\/blog\/wp-json\/wp\/v2\/posts"}],"about":[{"href":"https:\/\/www.tui.ch\/de\/blog\/wp-json\/wp\/v2\/types\/post"}],"author":[{"embeddable":true,"href":"https:\/\/www.tui.ch\/de\/blog\/wp-json\/wp\/v2\/users\/195"}],"replies":[{"embeddable":true,"href":"https:\/\/www.tui.ch\/de\/blog\/wp-json\/wp\/v2\/comments?post=493453"}],"version-history":[{"count":17,"href":"https:\/\/www.tui.ch\/de\/blog\/wp-json\/wp\/v2\/posts\/493453\/revisions"}],"predecessor-version":[{"id":493575,"href":"https:\/\/www.tui.ch\/de\/blog\/wp-json\/wp\/v2\/posts\/493453\/revisions\/493575"}],"wp:featuredmedia":[{"embeddable":true,"href":"https:\/\/www.tui.ch\/de\/blog\/wp-json\/wp\/v2\/media\/493461"}],"wp:attachment":[{"href":"https:\/\/www.tui.ch\/de\/blog\/wp-json\/wp\/v2\/media?parent=493453"}],"wp:term":[{"taxonomy":"category","embeddable":true,"href":"https:\/\/www.tui.ch\/de\/blog\/wp-json\/wp\/v2\/categories?post=493453"},{"taxonomy":"post_tag","embeddable":true,"href":"https:\/\/www.tui.ch\/de\/blog\/wp-json\/wp\/v2\/tags?post=493453"}],"curies":[{"name":"wp","href":"https:\/\/api.w.org\/{rel}","templated":true}]}}